{"id":514,"date":"2020-12-08T21:04:12","date_gmt":"2020-12-08T20:04:12","guid":{"rendered":"https:\/\/annawhitlocksgymnasium.se\/whitloggen\/?p=514"},"modified":"2021-03-02T01:20:06","modified_gmt":"2021-03-02T00:20:06","slug":"va-inte-en-grinch","status":"publish","type":"post","link":"https:\/\/annawhitlocksgymnasium.se\/whitloggen\/2020\/12\/08\/va-inte-en-grinch\/","title":{"rendered":"Va inte en Grinch!"},"content":{"rendered":"\n<p><\/p>\n\n\n\n<p>Jag m\u00e5 sj\u00e4lv&nbsp;vara&nbsp;skyldig till att st\u00e4ndigt klaga p\u00e5 de m\u00f6rka m\u00e5naderna som vi n\u00e4rmat oss&nbsp;och som vi redan borde ha l\u00e4rt oss att leva i. Det k\u00e4nns som om vi varje&nbsp;\u00e5r gl\u00f6mmer hur det egentligen \u00e4r att leva i en oupph\u00f6rlig natt, i slask och i regn. Men vi beter oss som&nbsp;Grinchen&nbsp;innan han b\u00f6rjade uppskatta julen och detta kommer inte att g\u00f6ra&nbsp;oss&nbsp;n\u00e5gon nytta.&nbsp;&nbsp;<\/p>\n\n\n\n<p>M\u00e5nga g\u00f6mmer sig under sina t\u00e4cken&nbsp;och&nbsp;f\u00f6rs\u00f6ker gl\u00f6mma bort det som sker utanf\u00f6r f\u00f6nstret ist\u00e4llet f\u00f6r att uppskatta och njuta av det vi faktiskt har.&nbsp;Jag f\u00f6rst\u00e5r att det \u00e4r sv\u00e5rt n\u00e4r solen g\u00e5r ner innan man hunnit ta sig upp ur s\u00e4ngen men det finns s\u00e5 mycket att se fram emot!&nbsp;Inte bara julen som nu&nbsp;n\u00e4rmar sig&nbsp;med stora steg (glad andra advent!) utan \u00e4ven sn\u00f6n som kanske kommer, den uppfriskande luften, ny\u00e5r, lov, mysiga stunder framf\u00f6r brasan eller ett element med en bra bok och varm choklad\u2026 Jag skulle kunna sitta h\u00e4r&nbsp;hela dagen&nbsp;och rabbla upp&nbsp;fler&nbsp;exempel.&nbsp;&nbsp;<\/p>\n\n\n\n<p>Min po\u00e4ng \u00e4r att jag tillslut blev tr\u00f6tt p\u00e5 att vara tr\u00f6tt. Jag kr\u00f6p ut ur s\u00e4ngen&nbsp;och gick ut ur huset oavsett vilket v\u00e4der jag&nbsp;skulle&nbsp;m\u00f6ta utanf\u00f6r d\u00f6rren.&nbsp;Vintern kommer i \u00e5r oavsett om du vill det eller inte. Det&nbsp;handlar om&nbsp;att&nbsp;\u00e4ndra sin inst\u00e4llning och att&nbsp;omfamna&nbsp;det som&nbsp;\u00e4r utanf\u00f6r f\u00f6nstret f\u00f6r ett njutbart slut p\u00e5 \u00e5ret. Det kr\u00e4vs inte mycket f\u00f6r att sluta vara en&nbsp;Grinch!&nbsp;<br><\/p>\n\n\n\n<p><br>Text: Jasmina Kochanowicz<br>Bild: Simon Hamreby <\/p>\n","protected":false},"excerpt":{"rendered":"<div class=\"tmnf_excerpt clearfix\"><p>Jag m\u00e5 sj\u00e4lv&nbsp;vara&nbsp;skyldig till att st\u00e4ndigt klaga p\u00e5 de m\u00f6rka m\u00e5naderna som vi n\u00e4rmat oss&nbsp;och som vi redan borde ha l\u00e4rt oss att leva i. Det k\u00e4nns som om vi varje&nbsp;\u00e5r gl\u00f6mmer hur det egentligen \u00e4r att leva i en oupph\u00f6rlig natt, i slask och i regn. Men vi beter oss som&nbsp;Grinchen&nbsp;innan han b\u00f6rjade uppskatta &hellip;<\/p>\n<\/div>","protected":false},"author":15,"featured_media":515,"comment_status":"open","ping_status":"open","sticky":false,"template":"","format":"standard","meta":[],"categories":[1],"tags":[],"amp_enabled":true,"_links":{"self":[{"href":"https:\/\/annawhitlocksgymnasium.se\/whitloggen\/wp-json\/wp\/v2\/posts\/514"}],"collection":[{"href":"https:\/\/annawhitlocksgymnasium.se\/whitloggen\/wp-json\/wp\/v2\/posts"}],"about":[{"href":"https:\/\/annawhitlocksgymnasium.se\/whitloggen\/wp-json\/wp\/v2\/types\/post"}],"author":[{"embeddable":true,"href":"https:\/\/annawhitlocksgymnasium.se\/whitloggen\/wp-json\/wp\/v2\/users\/15"}],"replies":[{"embeddable":true,"href":"https:\/\/annawhitlocksgymnasium.se\/whitloggen\/wp-json\/wp\/v2\/comments?post=514"}],"version-history":[{"count":2,"href":"https:\/\/annawhitlocksgymnasium.se\/whitloggen\/wp-json\/wp\/v2\/posts\/514\/revisions"}],"predecessor-version":[{"id":517,"href":"https:\/\/annawhitlocksgymnasium.se\/whitloggen\/wp-json\/wp\/v2\/posts\/514\/revisions\/517"}],"wp:featuredmedia":[{"embeddable":true,"href":"https:\/\/annawhitlocksgymnasium.se\/whitloggen\/wp-json\/wp\/v2\/media\/515"}],"wp:attachment":[{"href":"https:\/\/annawhitlocksgymnasium.se\/whitloggen\/wp-json\/wp\/v2\/media?parent=514"}],"wp:term":[{"taxonomy":"category","embeddable":true,"href":"https:\/\/annawhitlocksgymnasium.se\/whitloggen\/wp-json\/wp\/v2\/categories?post=514"},{"taxonomy":"post_tag","embeddable":true,"href":"https:\/\/annawhitlocksgymnasium.se\/whitloggen\/wp-json\/wp\/v2\/tags?post=514"}],"curies":[{"name":"wp","href":"https:\/\/api.w.org\/{rel}","templated":true}]}}