{"id":502,"date":"2020-11-17T19:01:28","date_gmt":"2020-11-17T18:01:28","guid":{"rendered":"https:\/\/annawhitlocksgymnasium.se\/whitloggen\/?p=502"},"modified":"2020-11-17T19:02:38","modified_gmt":"2020-11-17T18:02:38","slug":"basta-foretaget-pa-marknaden","status":"publish","type":"post","link":"https:\/\/annawhitlocksgymnasium.se\/whitloggen\/2020\/11\/17\/basta-foretaget-pa-marknaden\/","title":{"rendered":"B\u00e4sta f\u00f6retaget p\u00e5 marknaden"},"content":{"rendered":"\n<p>Amazon&nbsp;\u00e4r h\u00e4r i&nbsp;Sverige. Efter att e-handelsf\u00f6retaget&nbsp;tagit kontroll \u00f6ver USA:s handel och konsumtion hoppas de nu p\u00e5 att g\u00f6ra detsamma med Sverige&nbsp;och vem vet, kanske lyckas de? Deras hemsida&nbsp;med alla sina&nbsp;kukar och v\u00e5ldt\u00e4kter&nbsp;har trots allt tagit v\u00e5rt land med storm och oavsett om de m\u00e4rkliga \u00f6vers\u00e4ttningarna&nbsp;var medvetna eller inte s\u00e5 \u00e4r \u00e4ven d\u00e5lig publicitet \u00e4nd\u00e5 publicitet. Frestelsen att handla&nbsp;p\u00e5 en sida som \u00e4r s\u00e5 billig och effektiv \u00e4r stor, det kan ingen f\u00f6rneka men just d\u00e4rf\u00f6r \u00e4r det viktigt att p\u00e5minna sig sj\u00e4lv&nbsp;just&nbsp;om varf\u00f6r man inte ska handla d\u00e4r.&nbsp;I detta fall \u00e4r det jag som t\u00e4nker p\u00e5minna er.&nbsp;<\/p>\n\n\n\n<p>Som Anna&nbsp;Whitlock&nbsp;elever kan vi redan mycket om&nbsp;milj\u00f6m\u00e4ssig h\u00e5llbarhet&nbsp;och hur \u00f6verkonsumtion f\u00f6rst\u00f6r v\u00e5ra ekosystem&nbsp;men det \u00e4r&nbsp;f\u00f6rst&nbsp;genom Amazons lansering som&nbsp;vi verkligen m\u00e5ste s\u00e4tta v\u00e5ra kunskaper p\u00e5 prov. Amazon \u00e4r handel och bidrar till \u00f6verkonsumtion p\u00e5 liknande s\u00e4tt som andra f\u00f6retag&nbsp;men vad som skiljer dem fr\u00e5n sina konkurrenter \u00e4r de massiva utsl\u00e4ppen som orsakas av Amazons&nbsp;aff\u00e4rsmodell. Aff\u00e4rsmodellen g\u00e5r ut p\u00e5 billiga priser och snabb leverans. Just den snabba leveransen g\u00f6r att&nbsp;m\u00e5nga paket skickas ut separat ist\u00e4llet f\u00f6r tillsammans vilket d\u00e5 ger fler on\u00f6diga transportutsl\u00e4pp. 44 miljoner&nbsp;ton koldioxidekvivalenter (m\u00e5tt p\u00e5 v\u00e4xthusgaser) sl\u00e4ppte Amazon ut&nbsp;under ett \u00e5r enligt deras egen rapport som diskuteras i&nbsp;artikeln&nbsp;\u201cAmazon \u00e4r stort som ett eget land n\u00e4r det g\u00e4ller utsl\u00e4pp &#8211; s\u00e5 kan p\u00e5verkan minskas\u201d (2020) av Fredrik&nbsp;Kolterjahn&nbsp;publicerad p\u00e5 Markets hemsida.&nbsp;F\u00f6r att s\u00e4tta det i perspektiv valde&nbsp;Kolterjahn&nbsp;att s\u00e4tta siffran i kontrast med 52 miljoner ton, vilket var Sveriges utsl\u00e4pp under 2018.&nbsp;Amazons klimatp\u00e5verkan kan allts\u00e5 liknas med ett helt land!&nbsp;Vare sig man handlar hos Amazon eller inte \u00e4r det viktigt att vara medveten om den roll man d\u00e5 spelar i klimatets f\u00f6rst\u00f6relse.&nbsp;<\/p>\n\n\n\n<p>F\u00f6r att ytterligare komplettera h\u00e5llbarhetsperspektiven t\u00e4nker jag s\u00e5klart \u00e4ven ta upp de fruktansv\u00e4rda arbetsf\u00f6rh\u00e5llanden som r\u00e5der f\u00f6r deras personal. Hur arbetarna i Sverige kan inte \u00e4n vittnas om men deras lager i andra l\u00e4nder&nbsp;ber\u00e4ttar historier som borde oroa oss.&nbsp;Arbetare som somnar av utmattning p\u00e5 toaletterna, ambulanser som stamg\u00e4ster&nbsp;och personal som inte ens hinner dricka vatten f\u00f6r att uppfylla kvoten \u00e4r alla vardagshistorier fr\u00e5n Amazons lager&nbsp;runt om i v\u00e4rlden. Amazon \u00e4r \u00e4ven, i sann amerikansk anda, starkt emot fack och kollektivavtal vilket&nbsp;bara det ber\u00e4ttar mycket om arbetsvillkoren p\u00e5 f\u00f6retaget.&nbsp;\u00c4ven om den d\u00e4r lilla billiga prylen skulle vara perfekt att ge till din kompis s\u00e5 st\u00f6djer&nbsp;de d\u00e4r kronorna ett f\u00f6retag och ett system som f\u00f6rs\u00e4mrar arbetsvillkor. Dessutom har ett f\u00f6retag som Amazon s\u00e5 stor p\u00e5verkan att de i l\u00e5nga loppet kanske&nbsp;kommer komma att f\u00f6r\u00e4ndra och f\u00f6rs\u00e4mra v\u00e5r arbetsr\u00e4tt och f\u00f6rsvaga v\u00e5ra fackf\u00f6rbund. T\u00e4nk p\u00e5 att dina val kommer&nbsp;p\u00e5verka m\u00e5nga, \u00e4ven om det bara ser ut som ett litet pris p\u00e5 produkten.&nbsp;<\/p>\n\n\n\n<p>Sedan finns \u00e4ven det mer makroekonomiska perspektivet p\u00e5 Amazon som inkluderar dess p\u00e5verkan p\u00e5 marknaden.&nbsp;I Sverige \u00e4r leds vi socialdemokratiskt men det \u00e4r helt om\u00f6jligt att f\u00f6rneka att vi \u00e4ven har en marknadsekonomi och precis som vi l\u00e4r oss i skolan \u00e4r marknadsekonomi beroende av konkurrens.&nbsp;Amazon rubbar denna konkurrens. Om Amazon lyckas etablera sig i Sverige och v\u00e4xa s\u00e5 stort&nbsp;som det gjort i USA blir denna hemsida den dominerande handelsplatsen.&nbsp;Det leder till att mindre f\u00f6retag och leverant\u00f6rer tvingas s\u00e4lja sina varor p\u00e5 Amazon eftersom det \u00e4r d\u00e4r efterfr\u00e5gan finns&nbsp;samtidigt som konsumenterna tvingas handla fr\u00e5n Amazon eftersom det \u00e4r d\u00e4r produkterna finns.&nbsp;Amazon skapar d\u00e5 ett sorts monopol d\u00e4r de kontrollerar priser&nbsp;eftersom leverant\u00f6rerna m\u00e5ste s\u00e4lja sina produkter till Amazon f\u00f6r det priset de vill d\u00e5 de annars inte kan s\u00e4lja varorna.&nbsp;All denna information om Amazons p\u00e5verkan p\u00e5 marknaden f\u00f6rklaras i artikeln \u201cAmazon hotar konkurrens\u201d (2020) av&nbsp;Erik S\u00f6derlind p\u00e5 Dagens Industri.&nbsp;I det stora hela kan Amazon allts\u00e5 rubba den&nbsp;marknadsekonomiska (egentligen blandekonomiska) modellen vi har i Sverige.&nbsp;<\/p>\n\n\n\n<p>Om du har klarat dig s\u00e5 h\u00e4r\u00a0l\u00e5ngt i texten f\u00f6rtj\u00e4nar du en appl\u00e5d. En \u00e4nnu st\u00f6rre appl\u00e5d f\u00f6rtj\u00e4nar du om du avst\u00e5r att handla fr\u00e5n Amazon, i alla fall s\u00e5 gott som det g\u00e5r. Det \u00e4r frestande, jag vet, men g\u00f6r det f\u00f6r klimatet. G\u00f6r det f\u00f6r m\u00e4nniskorna. G\u00f6r det f\u00f6r ekonomin (b\u00e5de din egen och samh\u00e4llets).\u00a0Amazon \u00e4r inte ett f\u00f6retag som f\u00f6rtj\u00e4nar dina pengar.\u00a0<\/p>\n\n\n\n<p>Text: Alicia Svala <\/p>\n\n\n\n<p><br>Bild: Simon Hamreby <\/p>\n","protected":false},"excerpt":{"rendered":"<div class=\"tmnf_excerpt clearfix\"><p>Amazon&nbsp;\u00e4r h\u00e4r i&nbsp;Sverige. Efter att e-handelsf\u00f6retaget&nbsp;tagit kontroll \u00f6ver USA:s handel och konsumtion hoppas de nu p\u00e5 att g\u00f6ra detsamma med Sverige&nbsp;och vem vet, kanske lyckas de? Deras hemsida&nbsp;med alla sina&nbsp;kukar och v\u00e5ldt\u00e4kter&nbsp;har trots allt tagit v\u00e5rt land med storm och oavsett om de m\u00e4rkliga \u00f6vers\u00e4ttningarna&nbsp;var medvetna eller inte s\u00e5 \u00e4r \u00e4ven d\u00e5lig publicitet \u00e4nd\u00e5 publicitet. &hellip;<\/p>\n<\/div>","protected":false},"author":1,"featured_media":503,"comment_status":"open","ping_status":"open","sticky":false,"template":"","format":"standard","meta":[],"categories":[1],"tags":[],"amp_enabled":true,"_links":{"self":[{"href":"https:\/\/annawhitlocksgymnasium.se\/whitloggen\/wp-json\/wp\/v2\/posts\/502"}],"collection":[{"href":"https:\/\/annawhitlocksgymnasium.se\/whitloggen\/wp-json\/wp\/v2\/posts"}],"about":[{"href":"https:\/\/annawhitlocksgymnasium.se\/whitloggen\/wp-json\/wp\/v2\/types\/post"}],"author":[{"embeddable":true,"href":"https:\/\/annawhitlocksgymnasium.se\/whitloggen\/wp-json\/wp\/v2\/users\/1"}],"replies":[{"embeddable":true,"href":"https:\/\/annawhitlocksgymnasium.se\/whitloggen\/wp-json\/wp\/v2\/comments?post=502"}],"version-history":[{"count":1,"href":"https:\/\/annawhitlocksgymnasium.se\/whitloggen\/wp-json\/wp\/v2\/posts\/502\/revisions"}],"predecessor-version":[{"id":504,"href":"https:\/\/annawhitlocksgymnasium.se\/whitloggen\/wp-json\/wp\/v2\/posts\/502\/revisions\/504"}],"wp:featuredmedia":[{"embeddable":true,"href":"https:\/\/annawhitlocksgymnasium.se\/whitloggen\/wp-json\/wp\/v2\/media\/503"}],"wp:attachment":[{"href":"https:\/\/annawhitlocksgymnasium.se\/whitloggen\/wp-json\/wp\/v2\/media?parent=502"}],"wp:term":[{"taxonomy":"category","embeddable":true,"href":"https:\/\/annawhitlocksgymnasium.se\/whitloggen\/wp-json\/wp\/v2\/categories?post=502"},{"taxonomy":"post_tag","embeddable":true,"href":"https:\/\/annawhitlocksgymnasium.se\/whitloggen\/wp-json\/wp\/v2\/tags?post=502"}],"curies":[{"name":"wp","href":"https:\/\/api.w.org\/{rel}","templated":true}]}}