{"id":496,"date":"2020-11-04T17:08:05","date_gmt":"2020-11-04T16:08:05","guid":{"rendered":"https:\/\/annawhitlocksgymnasium.se\/whitloggen\/?p=496"},"modified":"2020-11-04T17:12:36","modified_gmt":"2020-11-04T16:12:36","slug":"kaffe-en-statussymbol","status":"publish","type":"post","link":"https:\/\/annawhitlocksgymnasium.se\/whitloggen\/2020\/11\/04\/kaffe-en-statussymbol\/","title":{"rendered":"Kaffe \u2013 en statussymbol?"},"content":{"rendered":"\n<p>Ett stort tecken p\u00e5 att man l\u00e4mnat barnv\u00e4rlden (h\u00f6gstadiet) och klivit in i vuxenv\u00e4rlden (gymnasiet?) \u00e4r att m\u00e5nga b\u00f6rjar dricka kaffe. Man m\u00e4rker det&nbsp;redan&nbsp;i b\u00f6rjan av ettan.&nbsp;Helt pl\u00f6tsligt&nbsp;b\u00f6rjar folk&nbsp;komma inrusande i klassrummet precis innan lektionen b\u00f6rjar,&nbsp;fl\u00e5sande,&nbsp;med&nbsp;en pappersmugg fylld med ljusbrun,&nbsp;starkt luktande v\u00e4tska. \u201dOj, vad vuxet!\u201d t\u00e4nker man.&nbsp;Och i takt&nbsp;med att tiden g\u00e5r blir v\u00e4tskan&nbsp;oftast&nbsp;bara mindre och mindre ljusbrun, och mer och mer svart. \u201dOj, vad vuxet!\u201d t\u00e4nker man \u00e4nnu en g\u00e5ng.&nbsp;&nbsp;<\/p>\n\n\n\n<p>Det \u00e4r i gymnasiet man introduceras till kaffets v\u00e4rld, och det \u00e4r i gymnasiet man uppt\u00e4cker vilken typ av kaffedrickare man&nbsp;\u00e4r, och&nbsp;kommer att bli.&nbsp;Vissa h\u00e5ller sig till det ljusbruna stadiet hela livet, p\u00e5 bekostnad av ens status och v\u00e4rdighet,&nbsp;medan andra&nbsp;g\u00e5r&nbsp;\u00f6ver till den m\u00f6rka sidan,&nbsp;bokstavligen. Det \u00e4r den sistn\u00e4mnda&nbsp;gruppen&nbsp;som h\u00e5ller maktpositionen i kaffev\u00e4rlden. Det \u00e4r dessa personer sm\u00e5ler lite&nbsp;h\u00e5nande&nbsp;n\u00e4r n\u00e5gon har mer \u00e4n&nbsp;en tionde del&nbsp;mj\u00f6lk i sitt kaffe.&nbsp;Och&nbsp;det finns inget man kan s\u00e4ga&nbsp;f\u00f6r ingen kan f\u00f6rneka att en person som dricker sitt kaffe svart \u00e4r en viking.&nbsp;<\/p>\n\n\n\n<p>Id\u00e9n om respekten&nbsp;som finns att vinna som kaffedrickare \u00e4r motivation nog f\u00f6r vissa att b\u00f6rja.&nbsp;Andra b\u00f6rjar f\u00f6r den&nbsp;energikicken man f\u00e5r efter att man slurpat i sig en&nbsp;kopp.&nbsp;Andra b\u00f6rjar f\u00f6r att det&nbsp;b\u00e5de&nbsp;\u00e4r det&nbsp;billigaste och mest&nbsp;attraktiva&nbsp;alternativet n\u00e4r man ska ta en fika&nbsp;p\u00e5 ett caf\u00e9 (Espresso&nbsp;House om du \u00e4r&nbsp;basic).&nbsp;Oavsett av vilken anledning du b\u00f6rjar dricka kaffe&nbsp;m\u00e5ste du vara f\u00f6rsiktig.&nbsp;F\u00f6rsiktig s\u00e5 att du inte bli beroende.&nbsp;Men ocks\u00e5&nbsp;s\u00e5&nbsp;att&nbsp;det inte stiger dig \u00f6ver huvudet.&nbsp;En kaffedrickare som m\u00e5ste&nbsp;dricka minst tre koppar om dagen f\u00f6r att inte f\u00e5 huvudv\u00e4rk, och samtidigt \u00e4r mallig \u00e4r inte l\u00e4ngre en viking.&nbsp;Det \u00e4r bara en t\u00f6nt.&nbsp;&nbsp;<\/p>\n\n\n\n<p>Hur ska man g\u00f6ra d\u00e5 f\u00f6r att balansera&nbsp;kaffedrickandet&nbsp;och&nbsp;makten?&nbsp;F\u00f6r att kaffet inte ska stiga en \u00f6ver huvudet?&nbsp;Det \u00e4r&nbsp;en&nbsp;sv\u00e5r&nbsp;fr\u00e5ga&nbsp;att svara p\u00e5.&nbsp;Som kaffedrickare&nbsp;kan jag&nbsp;k\u00e4nna&nbsp;att jag ser ner p\u00e5 mina kompisar som&nbsp;har&nbsp;i&nbsp;h\u00e4lften mj\u00f6lk. \u201dDet \u00e4r ju inte ens kaffe?!!\u201d t\u00e4nker jag, samtidigt som jag sitter och&nbsp;darrar&nbsp;av koffeinrushen.&nbsp;Att man blir s\u00e5 f\u00f6rblindad av&nbsp;koffeinet&nbsp;att man inte kan se verkligheten, vilket \u00e4r att kaffet&nbsp;och makten&nbsp;stigit en \u00f6ver huvudet, \u00e4r det stora problemet.&nbsp;F\u00f6r att l\u00f6sa det finns det en sak att g\u00f6ra, och det \u00e4r att ta en paus med&nbsp;kaffedrickandet.&nbsp;F\u00f6r vissa kan det vara en stor utmaning, medan andra g\u00e4rna skulle uts\u00e4tta sig sj\u00e4lv f\u00f6r n\u00e5got&nbsp;s\u00e5ndant.&nbsp;Men oavsett en&nbsp;persons&nbsp;anledning att b\u00f6rja dricka kaffe,&nbsp;och hur man hanterar statusen&nbsp;har alla kaffedrickare&nbsp;en sak&nbsp;gemensamt. Och det \u00e4r&nbsp;\u00e5sikten&nbsp;om&nbsp;att&nbsp;tedrickare \u00e4r mesar.&nbsp;&nbsp;<\/p>\n\n\n\n<p>Text: Alva Pansell<\/p>\n\n\n\n<p><\/p>\n","protected":false},"excerpt":{"rendered":"<div class=\"tmnf_excerpt clearfix\"><p>Ett stort tecken p\u00e5 att man l\u00e4mnat barnv\u00e4rlden (h\u00f6gstadiet) och klivit in i vuxenv\u00e4rlden (gymnasiet?) \u00e4r att m\u00e5nga b\u00f6rjar dricka kaffe. Man m\u00e4rker det&nbsp;redan&nbsp;i b\u00f6rjan av ettan.&nbsp;Helt pl\u00f6tsligt&nbsp;b\u00f6rjar folk&nbsp;komma inrusande i klassrummet precis innan lektionen b\u00f6rjar,&nbsp;fl\u00e5sande,&nbsp;med&nbsp;en pappersmugg fylld med ljusbrun,&nbsp;starkt luktande v\u00e4tska. \u201dOj, vad vuxet!\u201d t\u00e4nker man.&nbsp;Och i takt&nbsp;med att tiden g\u00e5r blir v\u00e4tskan&nbsp;oftast&nbsp;bara mindre &hellip;<\/p>\n<\/div>","protected":false},"author":1,"featured_media":497,"comment_status":"open","ping_status":"open","sticky":false,"template":"","format":"standard","meta":[],"categories":[1],"tags":[],"amp_enabled":true,"_links":{"self":[{"href":"https:\/\/annawhitlocksgymnasium.se\/whitloggen\/wp-json\/wp\/v2\/posts\/496"}],"collection":[{"href":"https:\/\/annawhitlocksgymnasium.se\/whitloggen\/wp-json\/wp\/v2\/posts"}],"about":[{"href":"https:\/\/annawhitlocksgymnasium.se\/whitloggen\/wp-json\/wp\/v2\/types\/post"}],"author":[{"embeddable":true,"href":"https:\/\/annawhitlocksgymnasium.se\/whitloggen\/wp-json\/wp\/v2\/users\/1"}],"replies":[{"embeddable":true,"href":"https:\/\/annawhitlocksgymnasium.se\/whitloggen\/wp-json\/wp\/v2\/comments?post=496"}],"version-history":[{"count":2,"href":"https:\/\/annawhitlocksgymnasium.se\/whitloggen\/wp-json\/wp\/v2\/posts\/496\/revisions"}],"predecessor-version":[{"id":499,"href":"https:\/\/annawhitlocksgymnasium.se\/whitloggen\/wp-json\/wp\/v2\/posts\/496\/revisions\/499"}],"wp:featuredmedia":[{"embeddable":true,"href":"https:\/\/annawhitlocksgymnasium.se\/whitloggen\/wp-json\/wp\/v2\/media\/497"}],"wp:attachment":[{"href":"https:\/\/annawhitlocksgymnasium.se\/whitloggen\/wp-json\/wp\/v2\/media?parent=496"}],"wp:term":[{"taxonomy":"category","embeddable":true,"href":"https:\/\/annawhitlocksgymnasium.se\/whitloggen\/wp-json\/wp\/v2\/categories?post=496"},{"taxonomy":"post_tag","embeddable":true,"href":"https:\/\/annawhitlocksgymnasium.se\/whitloggen\/wp-json\/wp\/v2\/tags?post=496"}],"curies":[{"name":"wp","href":"https:\/\/api.w.org\/{rel}","templated":true}]}}