{"id":460,"date":"2020-03-04T17:16:57","date_gmt":"2020-03-04T16:16:57","guid":{"rendered":"http:\/\/annawhitlocksgymnasium.se\/whitloggen\/?p=460"},"modified":"2021-03-04T18:47:11","modified_gmt":"2021-03-04T17:47:11","slug":"aw-starter-pack-en-ryggsack-med-tegelsten","status":"publish","type":"post","link":"https:\/\/annawhitlocksgymnasium.se\/whitloggen\/2020\/03\/04\/aw-starter-pack-en-ryggsack-med-tegelsten\/","title":{"rendered":"AW starter pack: En ryggs\u00e4ck med tegelsten"},"content":{"rendered":"\n<p>N\u00e4r jag kom hem, en m\u00f6rk onsdagskv\u00e4ll efter en l\u00e5ng dag i skolan, hade jag v\u00e4ldigt ont i ryggen och k\u00e4nde mig helt slut. Jag b\u00f6rjade n\u00e4stan undra om jag inte var en gammal dam p\u00e5 70+ som precis lekt med barnbarnen hela dagen. Nej, jag \u00e4r ju trots allt bara 16 \u00e5r.\u00a0<\/p>\n\n\n\n<p>Varje dag m\u00e5ste vi elever h\u00e4r p\u00e5 Anna Whitlock k\u00e5nka p\u00e5 v\u00e5ra datorer fram och tillbaka fr\u00e5n skolan. Till en b\u00f6rjan t\u00e4nkte jag att jag bara kunde l\u00e4mna datorn i sk\u00e5pet men det g\u00e5r ju inte p\u00e5 grund av st\u00f6ldrisken. Jag tror nog m\u00e5nga kan h\u00e5lla med mig om att det \u00e4r ett tr\u00f6ttsamt arbete som vi borde f\u00e5 mer credd f\u00f6r! N\u00e5gon g\u00e5ng har vi nog alla varit d\u00e4r n\u00e4r man tagit med sig datorn, idrottskl\u00e4der och fem andra skolb\u00f6cker s\u00e5 att det ser ut som om man b\u00e4r p\u00e5 packning f\u00f6r att klara sig i den sibiriska vintern i en hel vecka. Det l\u00e4mnar mig med fr\u00e5gan: har verkligen alla skolor lika tunga datorer som oss? <\/p>\n\n\n\n<p>Jag best\u00e4mde mig f\u00f6r att ta reda p\u00e5 om det verkligen var s\u00e5. Efter en simpel enk\u00e4t bland mina v\u00e4nner fann jag att av tio stora gymnasieskolor i Stockholm, har Anna Whitlock och fyra andra skolor den tyngsta datorn. V\u00e5r skoldator, en HP Proobook, v\u00e4ger 2.18 kg &#8211; det vill s\u00e4ga n\u00e4stan som en tegelsten. Om man j\u00e4mf\u00f6r med till exempel estetarna p\u00e5 skolan och med S\u00f6dra Latin som har Macbook Air, v\u00e4ger v\u00e5r ett HELT kilo mer. J\u00e4mf\u00f6rt med Nacka gymnasium som har en Lenovo Chromebook v\u00e4ger v\u00e5r ett halvt kilo mer.\u00a0<\/p>\n\n\n\n<p>Det finns s\u00e4kert n\u00e5gon skola i Stockholm som har en dator som \u00e4r tyngre och klumpigare \u00e4n v\u00e5r modell men jag tror inte att det \u00e4r s\u00e4rskilt m\u00e5nga. Efter att ha tagit reda p\u00e5 denna information undrar jag hur skolan egentligen t\u00e4nkte n\u00e4r de valde v\u00e5ra datorer. <\/p>\n\n\n\n<p>Text: Julia Kleja<\/p>\n","protected":false},"excerpt":{"rendered":"<div class=\"tmnf_excerpt clearfix\"><p>N\u00e4r jag kom hem, en m\u00f6rk onsdagskv\u00e4ll efter en l\u00e5ng dag i skolan, hade jag v\u00e4ldigt ont i ryggen och k\u00e4nde mig helt slut. Jag b\u00f6rjade n\u00e4stan undra om jag inte var en gammal dam p\u00e5 70+ som precis lekt med barnbarnen hela dagen. Nej, jag \u00e4r ju trots allt bara 16 \u00e5r.\u00a0 Varje dag &hellip;<\/p>\n<\/div>","protected":false},"author":16,"featured_media":461,"comment_status":"open","ping_status":"open","sticky":false,"template":"","format":"standard","meta":[],"categories":[1],"tags":[],"amp_enabled":true,"_links":{"self":[{"href":"https:\/\/annawhitlocksgymnasium.se\/whitloggen\/wp-json\/wp\/v2\/posts\/460"}],"collection":[{"href":"https:\/\/annawhitlocksgymnasium.se\/whitloggen\/wp-json\/wp\/v2\/posts"}],"about":[{"href":"https:\/\/annawhitlocksgymnasium.se\/whitloggen\/wp-json\/wp\/v2\/types\/post"}],"author":[{"embeddable":true,"href":"https:\/\/annawhitlocksgymnasium.se\/whitloggen\/wp-json\/wp\/v2\/users\/16"}],"replies":[{"embeddable":true,"href":"https:\/\/annawhitlocksgymnasium.se\/whitloggen\/wp-json\/wp\/v2\/comments?post=460"}],"version-history":[{"count":1,"href":"https:\/\/annawhitlocksgymnasium.se\/whitloggen\/wp-json\/wp\/v2\/posts\/460\/revisions"}],"predecessor-version":[{"id":586,"href":"https:\/\/annawhitlocksgymnasium.se\/whitloggen\/wp-json\/wp\/v2\/posts\/460\/revisions\/586"}],"wp:featuredmedia":[{"embeddable":true,"href":"https:\/\/annawhitlocksgymnasium.se\/whitloggen\/wp-json\/wp\/v2\/media\/461"}],"wp:attachment":[{"href":"https:\/\/annawhitlocksgymnasium.se\/whitloggen\/wp-json\/wp\/v2\/media?parent=460"}],"wp:term":[{"taxonomy":"category","embeddable":true,"href":"https:\/\/annawhitlocksgymnasium.se\/whitloggen\/wp-json\/wp\/v2\/categories?post=460"},{"taxonomy":"post_tag","embeddable":true,"href":"https:\/\/annawhitlocksgymnasium.se\/whitloggen\/wp-json\/wp\/v2\/tags?post=460"}],"curies":[{"name":"wp","href":"https:\/\/api.w.org\/{rel}","templated":true}]}}