{"id":395,"date":"2020-02-02T16:21:27","date_gmt":"2020-02-02T15:21:27","guid":{"rendered":"http:\/\/annawhitlocksgymnasium.se\/whitloggen\/?p=395"},"modified":"2020-10-14T01:32:53","modified_gmt":"2020-10-13T23:32:53","slug":"vad-ar-it-t-och-mt","status":"publish","type":"post","link":"https:\/\/annawhitlocksgymnasium.se\/whitloggen\/2020\/02\/02\/vad-ar-it-t-och-mt\/","title":{"rendered":"Vad \u00e4r IT, T och MT?"},"content":{"rendered":"\n<p>Jag&nbsp;f\u00e5r se mina halvkursomd\u00f6men&nbsp;p\u00e5 l\u00e4rarens dator efter lektionen. En blandning av de tre olika bokstavskombinationerna syns p\u00e5 sk\u00e4rmen. Bra okej. Det h\u00e4r kan vi jobba med. Jag \u00e4r ju inte helt ute och cyklar eller? Om jag ska vara helt \u00e4rlig vet jag inte. Jag vet inte vad det betyder,&nbsp;jag vet inte vad&nbsp;jag ska g\u00f6ra \u00e5t det, jag vet inte&nbsp;ens&nbsp;om jag&nbsp;borde bry mig.&nbsp;<\/p>\n\n\n\n<p>Mina l\u00e4rare s\u00e4ger lite olika saker. \u201dDet&nbsp;\u00e4r bara ett&nbsp;<em>riktm\u00e4rke<\/em>&nbsp;f\u00f6r hur du ligger till just nu\u201d. Eller \u201dom du skulle forts\u00e4tta som du gjort under h\u00f6sten, kommer du ligga p\u00e5 den niv\u00e5n i slutet av kursen\u201d. Mm, ja det l\u00e5ter ju bra. Men \u00e4r inte det typ som ett betyg? Bara att provet \u00e4r h\u00f6stterminen. Och som m\u00e5nga l\u00e4rare \u00e4r snabba att p\u00e5peka, l\u00e4r vi oss s\u00e4mre&nbsp;om&nbsp;betyg \u00e4r inblandade.&nbsp;&nbsp;<\/p>\n\n\n\n<p>Det h\u00e4r \u00e4r inte bara taget ur luften heller. I en text p\u00e5 skolans hemsida med titeln \u201dBed\u00f6mning f\u00f6r l\u00e4rande\u201d st\u00e5r det om hur betygs\u00e4ttning helt enkelt inte \u00e4r n\u00e5got att ha. Men ska vi vara uppriktiga borde vi kanske erk\u00e4nna att betyg \u00e4r utg\u00e5ngspunkten b\u00e5de elever och l\u00e4rare verkar ha n\u00e4r det kommer till l\u00e4rande i skolmilj\u00f6.&nbsp;Vill skolan,&nbsp;skolverket&nbsp;eller vem det nu \u00e4r g\u00f6ra n\u00e5got \u00e5t saken kanske det kr\u00e4vs mer \u00e4n ett substitut.&nbsp;<\/p>\n\n\n\n<p>Som den unga, obildade gymnasieeleven jag r\u00e5kar&nbsp;vara&nbsp;h\u00e4vdar&nbsp;att l\u00e4rande och speciellt l\u00e4rande n\u00e4r det kommer till skol\u00e4mnen \u00e4r en komplex fr\u00e5ga. Kanske \u00e4r den viktigt f\u00f6r dig. Kanske inte. Den ligger (tyv\u00e4rr) till grund f\u00f6r det skolan utger sig vara. En plats f\u00f6r just&nbsp;<em>l\u00e4rande.&nbsp;<\/em>Det var ju lite Anna&nbsp;Whitlocks&nbsp;grej.&nbsp;&nbsp;<\/p>\n\n\n\n<p>S\u00e5 borde inte vi kommit lite l\u00e4ngre? \u00c4n f\u00f6r typ 100 \u00e5r sedan&nbsp;p\u00e5 tant Annas tid.&nbsp;Jag t\u00e4nker att den forskningsstudie som allting baseras p\u00e5 kanske bara unders\u00f6ker ett begr\u00e4nsat omr\u00e5de. Ska den verkligen ligga till grunden f\u00f6r allting som vi g\u00f6r p\u00e5 skolan? Inte f\u00f6r att jag inte&nbsp;<em>\u00e4lskar&nbsp;<\/em>hur allt sk\u00f6ts.&nbsp;&nbsp;<\/p>\n\n\n\n<p>Text: Nichole Rivera<\/p>\n\n\n\n<p>Bild: Caroline B\u00e4ckman<\/p>\n","protected":false},"excerpt":{"rendered":"<div class=\"tmnf_excerpt clearfix\"><p>Jag&nbsp;f\u00e5r se mina halvkursomd\u00f6men&nbsp;p\u00e5 l\u00e4rarens dator efter lektionen. En blandning av de tre olika bokstavskombinationerna syns p\u00e5 sk\u00e4rmen. Bra okej. Det h\u00e4r kan vi jobba med. Jag \u00e4r ju inte helt ute och cyklar eller? Om jag ska vara helt \u00e4rlig vet jag inte. Jag vet inte vad det betyder,&nbsp;jag vet inte vad&nbsp;jag ska g\u00f6ra &hellip;<\/p>\n<\/div>","protected":false},"author":4,"featured_media":396,"comment_status":"open","ping_status":"open","sticky":false,"template":"","format":"standard","meta":[],"categories":[10],"tags":[],"amp_enabled":true,"_links":{"self":[{"href":"https:\/\/annawhitlocksgymnasium.se\/whitloggen\/wp-json\/wp\/v2\/posts\/395"}],"collection":[{"href":"https:\/\/annawhitlocksgymnasium.se\/whitloggen\/wp-json\/wp\/v2\/posts"}],"about":[{"href":"https:\/\/annawhitlocksgymnasium.se\/whitloggen\/wp-json\/wp\/v2\/types\/post"}],"author":[{"embeddable":true,"href":"https:\/\/annawhitlocksgymnasium.se\/whitloggen\/wp-json\/wp\/v2\/users\/4"}],"replies":[{"embeddable":true,"href":"https:\/\/annawhitlocksgymnasium.se\/whitloggen\/wp-json\/wp\/v2\/comments?post=395"}],"version-history":[{"count":1,"href":"https:\/\/annawhitlocksgymnasium.se\/whitloggen\/wp-json\/wp\/v2\/posts\/395\/revisions"}],"predecessor-version":[{"id":484,"href":"https:\/\/annawhitlocksgymnasium.se\/whitloggen\/wp-json\/wp\/v2\/posts\/395\/revisions\/484"}],"wp:featuredmedia":[{"embeddable":true,"href":"https:\/\/annawhitlocksgymnasium.se\/whitloggen\/wp-json\/wp\/v2\/media\/396"}],"wp:attachment":[{"href":"https:\/\/annawhitlocksgymnasium.se\/whitloggen\/wp-json\/wp\/v2\/media?parent=395"}],"wp:term":[{"taxonomy":"category","embeddable":true,"href":"https:\/\/annawhitlocksgymnasium.se\/whitloggen\/wp-json\/wp\/v2\/categories?post=395"},{"taxonomy":"post_tag","embeddable":true,"href":"https:\/\/annawhitlocksgymnasium.se\/whitloggen\/wp-json\/wp\/v2\/tags?post=395"}],"curies":[{"name":"wp","href":"https:\/\/api.w.org\/{rel}","templated":true}]}}