{"id":243,"date":"2019-11-28T19:10:31","date_gmt":"2019-11-28T18:10:31","guid":{"rendered":"http:\/\/annawhitlocksgymnasium.se\/whitloggen\/?p=243"},"modified":"2019-12-06T00:45:01","modified_gmt":"2019-12-05T23:45:01","slug":"vi-hors-tillslut","status":"publish","type":"post","link":"https:\/\/annawhitlocksgymnasium.se\/whitloggen\/2019\/11\/28\/vi-hors-tillslut\/","title":{"rendered":"Vi h\u00f6rs tillslut"},"content":{"rendered":"\n<p>Det \u00e4r tidig eftermiddag och vi befinner oss p\u00e5&nbsp;Munkbroleden&nbsp;i Gamla Stan. Framf\u00f6r oss patrullerar folkm\u00e4ngden fram och ropar tillsammans ut i luften. \u201cSt\u00e5 inte d\u00e4r och kolla p\u00e5, in i ledet och b\u00f6rja g\u00e5!\u201d. Flertalet skyltar och plakat sticker upp ur folkmassan med v\u00e4l valda ord och&nbsp;i\u00f6gonfallande&nbsp;rubriker i stil med:  \u201cTHERE IS NO PLANET B\u201d. Vi \u00e4r p\u00e5 en av de k\u00e4nda fredagsstrejkerna f\u00f6r klimatet.<\/p>\n\n\n\n<figure class=\"wp-block-image size-large\"><img decoding=\"async\" loading=\"lazy\" width=\"1024\" height=\"745\" src=\"http:\/\/annawhitlocksgymnasium.se\/whitloggen\/wp-content\/uploads\/sites\/3\/2019\/11\/DSC_0461-1-1024x745.jpg\" alt=\"\" class=\"wp-image-316\" srcset=\"https:\/\/annawhitlocksgymnasium.se\/whitloggen\/wp-content\/uploads\/sites\/3\/2019\/11\/DSC_0461-1-1024x745.jpg 1024w, https:\/\/annawhitlocksgymnasium.se\/whitloggen\/wp-content\/uploads\/sites\/3\/2019\/11\/DSC_0461-1-300x218.jpg 300w, https:\/\/annawhitlocksgymnasium.se\/whitloggen\/wp-content\/uploads\/sites\/3\/2019\/11\/DSC_0461-1-768x559.jpg 768w, https:\/\/annawhitlocksgymnasium.se\/whitloggen\/wp-content\/uploads\/sites\/3\/2019\/11\/DSC_0461-1-1536x1117.jpg 1536w, https:\/\/annawhitlocksgymnasium.se\/whitloggen\/wp-content\/uploads\/sites\/3\/2019\/11\/DSC_0461-1-2048x1489.jpg 2048w, https:\/\/annawhitlocksgymnasium.se\/whitloggen\/wp-content\/uploads\/sites\/3\/2019\/11\/DSC_0461-1-324x235.jpg 324w, https:\/\/annawhitlocksgymnasium.se\/whitloggen\/wp-content\/uploads\/sites\/3\/2019\/11\/DSC_0461-1-696x506.jpg 696w, https:\/\/annawhitlocksgymnasium.se\/whitloggen\/wp-content\/uploads\/sites\/3\/2019\/11\/DSC_0461-1-1068x777.jpg 1068w, https:\/\/annawhitlocksgymnasium.se\/whitloggen\/wp-content\/uploads\/sites\/3\/2019\/11\/DSC_0461-1-578x420.jpg 578w\" sizes=\"(max-width: 1024px) 100vw, 1024px\" \/><\/figure>\n\n\n\n<p>Strejken \u00e4r en f\u00f6ljd av Greta Thunbergs initiativ \u201cFridaysForFuture\u201d- en&nbsp;v\u00e4xande organisation&nbsp;som gjort sig k\u00e4nd \u00f6ver sociala medier det senaste \u00e5ret. Allt tog sin b\u00f6rjan n\u00e4r Greta, f\u00f6r drygt ett \u00e5r sedan, regelbundet satte sig utanf\u00f6r Sveriges riksdag med plakatet: \u201cSkolstrejk f\u00f6r klimatet\u201d. Sedan dess har m\u00e4nniskor runt om i hela v\u00e4rlden inspirerats till att h\u00e5lla demonstrationer p\u00e5 fredagar f\u00f6r att f\u00e5nga politikernas intresse n\u00e4r det kommer till klimatfr\u00e5gan.&nbsp;<\/p>\n\n\n\n<p>Organisationen uppmanar till st\u00f6ttandet av de globala m\u00e5len.&nbsp;Parisavtalet \u00e4r&nbsp;bland annat&nbsp;ett klimatavtal som v\u00e4rldens l\u00e4nder enades om i december 2015. Det g\u00e5r ut p\u00e5 att vi ska f\u00f6rs\u00f6ka att minska utsl\u00e4ppen av v\u00e4xthusgaser. I och med utsl\u00e4ppen av v\u00e4xthusgaser stiger den globala temperaturen och ambitionen med parisavtalet \u00e4r att temperatur\u00f6kningen ska h\u00e5llas ner till under 2 \u00b0C och allra helst under 1,5\u00b0C.&nbsp;<\/p>\n\n\n\n<p>Strejkandet har f\u00e5tt godk\u00e4nnande av polisen, som \u00e4ven st\u00e4ndigt \u00f6vervakar ledet. Det hela \u00e4r i synnerhet v\u00e4l organiserat. Trots de h\u00f6gljudda ropen och ramsorna r\u00e5der inget v\u00e5ld inom folkmassan. Folk g\u00e5r lugnt och sansat fram\u00e5t och uppmuntrar andra i n\u00e4rheten att komma med p\u00e5 vandringen. Organisationen utstr\u00e5lar i st\u00f6rsta allm\u00e4nhet prioriterandet av alla individers trygghet under dessa fredagar. En del i gruppen \u00e4r mer aktiva och ivriga att v\u00e4cka staden till liv \u00e4n andra. Trots det \u00e4r alla d\u00e4r f\u00f6r ett och samma m\u00e5l- att stoppa r\u00e4dda planeten.<\/p>\n\n\n\n<figure class=\"wp-block-image size-large\"><img decoding=\"async\" loading=\"lazy\" width=\"1024\" height=\"684\" src=\"http:\/\/annawhitlocksgymnasium.se\/whitloggen\/wp-content\/uploads\/sites\/3\/2019\/11\/DSC_0411-1024x684.jpg\" alt=\"\" class=\"wp-image-317\" srcset=\"https:\/\/annawhitlocksgymnasium.se\/whitloggen\/wp-content\/uploads\/sites\/3\/2019\/11\/DSC_0411-1024x684.jpg 1024w, https:\/\/annawhitlocksgymnasium.se\/whitloggen\/wp-content\/uploads\/sites\/3\/2019\/11\/DSC_0411-300x201.jpg 300w, https:\/\/annawhitlocksgymnasium.se\/whitloggen\/wp-content\/uploads\/sites\/3\/2019\/11\/DSC_0411-768x513.jpg 768w, https:\/\/annawhitlocksgymnasium.se\/whitloggen\/wp-content\/uploads\/sites\/3\/2019\/11\/DSC_0411-1536x1027.jpg 1536w, https:\/\/annawhitlocksgymnasium.se\/whitloggen\/wp-content\/uploads\/sites\/3\/2019\/11\/DSC_0411-2048x1369.jpg 2048w, https:\/\/annawhitlocksgymnasium.se\/whitloggen\/wp-content\/uploads\/sites\/3\/2019\/11\/DSC_0411-696x465.jpg 696w, https:\/\/annawhitlocksgymnasium.se\/whitloggen\/wp-content\/uploads\/sites\/3\/2019\/11\/DSC_0411-1068x714.jpg 1068w, https:\/\/annawhitlocksgymnasium.se\/whitloggen\/wp-content\/uploads\/sites\/3\/2019\/11\/DSC_0411-628x420.jpg 628w\" sizes=\"(max-width: 1024px) 100vw, 1024px\" \/><\/figure>\n\n\n\n<p>Synen av alla m\u00e4nniskor \u00e4r \u00f6verv\u00e4ldigande och ger en k\u00e4nsla av hopp. Det \u00e4r den k\u00e4nslan som hela tillst\u00e4llningen verkar bygga p\u00e5- folket f\u00e5r sin energi av att s\u00e5 pass m\u00e5nga personer \u00e4r villiga att samarbeta f\u00f6r f\u00f6r\u00e4ndring. Det enorma antalet m\u00e4nniskor b\u00e4r p\u00e5 en s\u00e4rskild vikt och visar kraften i ordet&nbsp;<em>tillsammans<\/em>. Vi tr\u00e4ngs och det \u00e4r sv\u00e5rt att ta sig fram, men tillslut lyckas vi ta oss n\u00e4rmare f\u00f6r att prata med en av deltagarna.<\/p>\n\n\n\n<p>\u201cJag vill vara med och v\u00e4cka uppm\u00e4rksamheten hos politikerna. F\u00f6r jag tror att anledningen till brister p\u00e5 handling beror p\u00e5 att v\u00e4xandet problemet kring klimatet inte uppm\u00e4rksammas tillr\u00e4ckligt. Strejkarna m\u00e5ste g\u00f6ras m\u00e5nga g\u00e5nger&nbsp;om. Tillslut&nbsp;kommer beslutsfattarna inte kunna ignorera problemet l\u00e4ngre. D\u00e4rmed tror jag att de kommer ta st\u00e4llning. Politikerna lyssnar tillslut, bara vi ser till att h\u00e5lla ig\u00e5ng den h\u00e4r r\u00f6relsen runt om i v\u00e4rlden. Det g\u00e4ller att inte ge upp\u201d&nbsp;&nbsp;<em>Anonym strejkare<\/em><\/p>\n\n\n\n<p>N\u00e4r strejken \u00e4r \u00f6ver och alla g\u00e5tt hem finns det fortfarande mycket att ta till sig av evenemanget. Den stora l\u00e4rdomen fr\u00e5n denna fredagen \u00e4ven om du inte deltog \u00e4r tydlig. Vi p\u00e5verkar v\u00e4rlden runt om oss hela tiden. Och om vi genom att ih\u00e4rdigt strejka, f\u00f6ra diskussion och bilda oss p\u00e5verka den allm\u00e4nna \u00e5sikten kring denna kris har vi lyckats<\/p>\n\n\n\n<figure class=\"wp-block-image size-large\"><img decoding=\"async\" loading=\"lazy\" width=\"1024\" height=\"684\" src=\"http:\/\/annawhitlocksgymnasium.se\/whitloggen\/wp-content\/uploads\/sites\/3\/2019\/11\/DSC_0308-1-1024x684.jpg\" alt=\"\" class=\"wp-image-320\" srcset=\"https:\/\/annawhitlocksgymnasium.se\/whitloggen\/wp-content\/uploads\/sites\/3\/2019\/11\/DSC_0308-1-1024x684.jpg 1024w, https:\/\/annawhitlocksgymnasium.se\/whitloggen\/wp-content\/uploads\/sites\/3\/2019\/11\/DSC_0308-1-300x201.jpg 300w, https:\/\/annawhitlocksgymnasium.se\/whitloggen\/wp-content\/uploads\/sites\/3\/2019\/11\/DSC_0308-1-768x513.jpg 768w, https:\/\/annawhitlocksgymnasium.se\/whitloggen\/wp-content\/uploads\/sites\/3\/2019\/11\/DSC_0308-1-1536x1027.jpg 1536w, https:\/\/annawhitlocksgymnasium.se\/whitloggen\/wp-content\/uploads\/sites\/3\/2019\/11\/DSC_0308-1-2048x1369.jpg 2048w, https:\/\/annawhitlocksgymnasium.se\/whitloggen\/wp-content\/uploads\/sites\/3\/2019\/11\/DSC_0308-1-696x465.jpg 696w, https:\/\/annawhitlocksgymnasium.se\/whitloggen\/wp-content\/uploads\/sites\/3\/2019\/11\/DSC_0308-1-1068x714.jpg 1068w, https:\/\/annawhitlocksgymnasium.se\/whitloggen\/wp-content\/uploads\/sites\/3\/2019\/11\/DSC_0308-1-628x420.jpg 628w\" sizes=\"(max-width: 1024px) 100vw, 1024px\" \/><\/figure>\n\n\n\n<p>Text: Moa Wigg Lindberg och Gabriella Sundstr\u00f6m<\/p>\n\n\n\n<p>Bilder: Caroline B\u00e4ckman<\/p>\n","protected":false},"excerpt":{"rendered":"<div class=\"tmnf_excerpt clearfix\"><p>Det \u00e4r tidig eftermiddag och vi befinner oss p\u00e5&nbsp;Munkbroleden&nbsp;i Gamla Stan. Framf\u00f6r oss patrullerar folkm\u00e4ngden fram och ropar tillsammans ut i luften. \u201cSt\u00e5 inte d\u00e4r och kolla p\u00e5, in i ledet och b\u00f6rja g\u00e5!\u201d. Flertalet skyltar och plakat sticker upp ur folkmassan med v\u00e4l valda ord och&nbsp;i\u00f6gonfallande&nbsp;rubriker i stil med: \u201cTHERE IS NO PLANET B\u201d. &hellip;<\/p>\n<\/div>","protected":false},"author":1,"featured_media":313,"comment_status":"open","ping_status":"open","sticky":false,"template":"","format":"standard","meta":[],"categories":[7],"tags":[],"amp_enabled":true,"_links":{"self":[{"href":"https:\/\/annawhitlocksgymnasium.se\/whitloggen\/wp-json\/wp\/v2\/posts\/243"}],"collection":[{"href":"https:\/\/annawhitlocksgymnasium.se\/whitloggen\/wp-json\/wp\/v2\/posts"}],"about":[{"href":"https:\/\/annawhitlocksgymnasium.se\/whitloggen\/wp-json\/wp\/v2\/types\/post"}],"author":[{"embeddable":true,"href":"https:\/\/annawhitlocksgymnasium.se\/whitloggen\/wp-json\/wp\/v2\/users\/1"}],"replies":[{"embeddable":true,"href":"https:\/\/annawhitlocksgymnasium.se\/whitloggen\/wp-json\/wp\/v2\/comments?post=243"}],"version-history":[{"count":0,"href":"https:\/\/annawhitlocksgymnasium.se\/whitloggen\/wp-json\/wp\/v2\/posts\/243\/revisions"}],"wp:featuredmedia":[{"embeddable":true,"href":"https:\/\/annawhitlocksgymnasium.se\/whitloggen\/wp-json\/wp\/v2\/media\/313"}],"wp:attachment":[{"href":"https:\/\/annawhitlocksgymnasium.se\/whitloggen\/wp-json\/wp\/v2\/media?parent=243"}],"wp:term":[{"taxonomy":"category","embeddable":true,"href":"https:\/\/annawhitlocksgymnasium.se\/whitloggen\/wp-json\/wp\/v2\/categories?post=243"},{"taxonomy":"post_tag","embeddable":true,"href":"https:\/\/annawhitlocksgymnasium.se\/whitloggen\/wp-json\/wp\/v2\/tags?post=243"}],"curies":[{"name":"wp","href":"https:\/\/api.w.org\/{rel}","templated":true}]}}